{"id":152,"date":"2011-10-31T06:13:07","date_gmt":"2011-10-31T06:13:07","guid":{"rendered":"http:\/\/fotokaupanliitto.fi\/press\/?p=152"},"modified":"2011-10-31T06:13:43","modified_gmt":"2011-10-31T06:13:43","slug":"ei-voi-olla-totta-talla-kameralla-voit-tarkentaa-vasta-kuvan-ottamisen-jalkeen","status":"publish","type":"post","link":"https:\/\/fotokaupanliitto.fi\/press\/ajankohtaista\/ei-voi-olla-totta-talla-kameralla-voit-tarkentaa-vasta-kuvan-ottamisen-jalkeen\/","title":{"rendered":"Ei voi olla totta! T\u00e4ll\u00e4 kameralla voit tarkentaa vasta kuvan ottamisen j\u00e4lkeen!"},"content":{"rendered":"<p><a href=\"https:\/\/fotokaupanliitto.fi\/press\/wp-content\/uploads\/2011\/10\/Lytro.jpeg\"><img loading=\"lazy\" decoding=\"async\" class=\"alignleft size-medium wp-image-153\" title=\"Lytro\" src=\"https:\/\/fotokaupanliitto.fi\/press\/wp-content\/uploads\/2011\/10\/Lytro-300x200.jpg\" alt=\"Lytro\" width=\"300\" height=\"200\" srcset=\"https:\/\/fotokaupanliitto.fi\/press\/wp-content\/uploads\/2011\/10\/Lytro-300x200.jpg 300w, https:\/\/fotokaupanliitto.fi\/press\/wp-content\/uploads\/2011\/10\/Lytro.jpeg 658w\" sizes=\"(max-width: 300px) 100vw, 300px\" \/><\/a><\/p>\n<p>&nbsp;<\/p>\n<p>&nbsp;<\/p>\n<p>&nbsp;<\/p>\n<p>&nbsp;<\/p>\n<p>&nbsp;<\/p>\n<p>&nbsp;<\/p>\n<p>Uudella Lytro kameralla sinun ei tarvitse mietti\u00e4 yht\u00e4\u00e4n tarkennusta, tarkennat vasta j\u00e4lkeen p\u00e4in omalla tietokoneellasi. T\u00e4m\u00e4 tulee mullistamaan kamerateknologian !<\/p>\n<p>&nbsp;<\/p>\n<p><a title=\"T\u00e4ll\u00e4 kameralla tarkennat vasta kuvan otan j\u00e4lkeen!\" href=\"http:\/\/www.iltasanomat.fi\/digi\/talla-kameralla-voi-tarkentaa-kuvan-ottamisen-jalkeen\/art-1288424596006.html\" target=\"_blank\">Lis\u00e4\u00e4 aiheesta t\u00e4st\u00e4 linkist\u00e4 !<\/a><\/p>\n<p>&nbsp;<\/p>\n<p>&nbsp;<\/p>\n<p>Ville F<\/p>\n","protected":false},"excerpt":{"rendered":"<p>&nbsp; &nbsp; &nbsp; &nbsp; &nbsp; &nbsp; Uudella Lytro kameralla sinun ei tarvitse mietti\u00e4 yht\u00e4\u00e4n tarkennusta, tarkennat vasta j\u00e4lkeen p\u00e4in omalla tietokoneellasi. T\u00e4m\u00e4 tulee mullistamaan kamerateknologian ! &nbsp; Lis\u00e4\u00e4 aiheesta t\u00e4st\u00e4&#8230;<\/p>\n","protected":false},"author":21,"featured_media":153,"comment_status":"open","ping_status":"open","sticky":false,"template":"","format":"standard","meta":{"footnotes":""},"categories":[1],"tags":[],"_links":{"self":[{"href":"https:\/\/fotokaupanliitto.fi\/press\/wp-json\/wp\/v2\/posts\/152"}],"collection":[{"href":"https:\/\/fotokaupanliitto.fi\/press\/wp-json\/wp\/v2\/posts"}],"about":[{"href":"https:\/\/fotokaupanliitto.fi\/press\/wp-json\/wp\/v2\/types\/post"}],"author":[{"embeddable":true,"href":"https:\/\/fotokaupanliitto.fi\/press\/wp-json\/wp\/v2\/users\/21"}],"replies":[{"embeddable":true,"href":"https:\/\/fotokaupanliitto.fi\/press\/wp-json\/wp\/v2\/comments?post=152"}],"version-history":[{"count":2,"href":"https:\/\/fotokaupanliitto.fi\/press\/wp-json\/wp\/v2\/posts\/152\/revisions"}],"predecessor-version":[{"id":156,"href":"https:\/\/fotokaupanliitto.fi\/press\/wp-json\/wp\/v2\/posts\/152\/revisions\/156"}],"wp:featuredmedia":[{"embeddable":true,"href":"https:\/\/fotokaupanliitto.fi\/press\/wp-json\/wp\/v2\/media\/153"}],"wp:attachment":[{"href":"https:\/\/fotokaupanliitto.fi\/press\/wp-json\/wp\/v2\/media?parent=152"}],"wp:term":[{"taxonomy":"category","embeddable":true,"href":"https:\/\/fotokaupanliitto.fi\/press\/wp-json\/wp\/v2\/categories?post=152"},{"taxonomy":"post_tag","embeddable":true,"href":"https:\/\/fotokaupanliitto.fi\/press\/wp-json\/wp\/v2\/tags?post=152"}],"curies":[{"name":"wp","href":"https:\/\/api.w.org\/{rel}","templated":true}]}}