{"id":2670,"date":"2016-02-03T10:18:26","date_gmt":"2016-02-03T08:18:26","guid":{"rendered":"http:\/\/fotokaupanliitto.fi\/press\/?p=2670"},"modified":"2016-02-03T10:18:26","modified_gmt":"2016-02-03T08:18:26","slug":"passikuvan-ammattilainen-tunnuksesta-rekisteroity-tavaramerkki","status":"publish","type":"post","link":"https:\/\/fotokaupanliitto.fi\/press\/ajankohtaista\/passikuvan-ammattilainen-tunnuksesta-rekisteroity-tavaramerkki\/","title":{"rendered":"Passikuvan ammattilainen &#8211; tunnuksesta rekister\u00f6ity tavaramerkki"},"content":{"rendered":"<p>Patentti- ja rekisterihallitus on nyt my\u00f6nt\u00e4nyt Passikuvan ammattilainen &#8211; tunnukselle tavaramerkkisuojan.<\/p>\n<p>Passikuvan ammattilainen -merkist\u00e4 tunnistat joko Suomen Fotokaupan Liittoon tai Suomen Ammattivalokuvaajat ry:hyn kuuluvan j\u00e4senliikkeen, jolta saat luotettavasti passi- ja lupapalveluihin soveltuvat passikuvat suoraan s\u00e4hk\u00f6iseen lupapalvej\u00e4rjestelem\u00e4\u00e4n l\u00e4hetetttyn\u00e4.<\/p>\n<p><a href=\"https:\/\/fotokaupanliitto.fi\/press\/wp-content\/uploads\/2013\/11\/Passikuvanammattilainen-mv.jpg\"><img loading=\"lazy\" decoding=\"async\" class=\"alignnone size-medium wp-image-1984\" src=\"https:\/\/fotokaupanliitto.fi\/press\/wp-content\/uploads\/2013\/11\/Passikuvanammattilainen-mv-272x300.jpg\" alt=\"Passikuvanammattilainen-mv\" width=\"272\" height=\"300\" srcset=\"https:\/\/fotokaupanliitto.fi\/press\/wp-content\/uploads\/2013\/11\/Passikuvanammattilainen-mv-272x300.jpg 272w, https:\/\/fotokaupanliitto.fi\/press\/wp-content\/uploads\/2013\/11\/Passikuvanammattilainen-mv-930x1024.jpg 930w, https:\/\/fotokaupanliitto.fi\/press\/wp-content\/uploads\/2013\/11\/Passikuvanammattilainen-mv.jpg 1912w\" sizes=\"(max-width: 272px) 100vw, 272px\" \/><\/a><\/p>\n","protected":false},"excerpt":{"rendered":"<p>Patentti- ja rekisterihallitus on nyt my\u00f6nt\u00e4nyt Passikuvan ammattilainen &#8211; tunnukselle tavaramerkkisuojan. Passikuvan ammattilainen -merkist\u00e4 tunnistat joko Suomen Fotokaupan Liittoon tai Suomen Ammattivalokuvaajat ry:hyn kuuluvan j\u00e4senliikkeen, jolta saat luotettavasti passi- ja&#8230;<\/p>\n","protected":false},"author":149,"featured_media":2548,"comment_status":"open","ping_status":"open","sticky":false,"template":"","format":"standard","meta":{"footnotes":""},"categories":[1,31],"tags":[12,48,47],"_links":{"self":[{"href":"https:\/\/fotokaupanliitto.fi\/press\/wp-json\/wp\/v2\/posts\/2670"}],"collection":[{"href":"https:\/\/fotokaupanliitto.fi\/press\/wp-json\/wp\/v2\/posts"}],"about":[{"href":"https:\/\/fotokaupanliitto.fi\/press\/wp-json\/wp\/v2\/types\/post"}],"author":[{"embeddable":true,"href":"https:\/\/fotokaupanliitto.fi\/press\/wp-json\/wp\/v2\/users\/149"}],"replies":[{"embeddable":true,"href":"https:\/\/fotokaupanliitto.fi\/press\/wp-json\/wp\/v2\/comments?post=2670"}],"version-history":[{"count":1,"href":"https:\/\/fotokaupanliitto.fi\/press\/wp-json\/wp\/v2\/posts\/2670\/revisions"}],"predecessor-version":[{"id":2671,"href":"https:\/\/fotokaupanliitto.fi\/press\/wp-json\/wp\/v2\/posts\/2670\/revisions\/2671"}],"wp:featuredmedia":[{"embeddable":true,"href":"https:\/\/fotokaupanliitto.fi\/press\/wp-json\/wp\/v2\/media\/2548"}],"wp:attachment":[{"href":"https:\/\/fotokaupanliitto.fi\/press\/wp-json\/wp\/v2\/media?parent=2670"}],"wp:term":[{"taxonomy":"category","embeddable":true,"href":"https:\/\/fotokaupanliitto.fi\/press\/wp-json\/wp\/v2\/categories?post=2670"},{"taxonomy":"post_tag","embeddable":true,"href":"https:\/\/fotokaupanliitto.fi\/press\/wp-json\/wp\/v2\/tags?post=2670"}],"curies":[{"name":"wp","href":"https:\/\/api.w.org\/{rel}","templated":true}]}}