{"id":2745,"date":"2018-04-27T12:19:36","date_gmt":"2018-04-27T09:19:36","guid":{"rendered":"http:\/\/fotokaupanliitto.fi\/press\/?p=2745"},"modified":"2018-04-27T12:20:34","modified_gmt":"2018-04-27T09:20:34","slug":"tunnelmia-fotokaupan-liiton-100-vuotisjuhlista","status":"publish","type":"post","link":"https:\/\/fotokaupanliitto.fi\/press\/ajankohtaista\/tunnelmia-fotokaupan-liiton-100-vuotisjuhlista\/","title":{"rendered":"Tunnelmia Fotokaupan liiton 100-vuotisjuhlista"},"content":{"rendered":"<p>Suomen Fotokaupan Liiton satavuotista taivalta juhlittiin Tampereella 14.4.2018<br \/>\nIllan aikana Vuoden Fotokauppiaana palkittiin Vesa Kuukka Joensuun Kuvanmaailmasta ja Jukka Liukkaalle ja Tapio Rinteelle my\u00f6nnettiin yhdistyksen hopeiset ansiomerkit.<br \/>\nL\u00e4mpim\u00e4t onnittelut!<\/p>\n<p>Illan ohjelmasta vastasivat Juhlaorkesteri Puolitie sek\u00e4 tanssiryhm\u00e4 Hot Gossip Dancers.<\/p>\n<div id='gallery-1' class='gallery galleryid-2745 gallery-columns-3 gallery-size-thumbnail'><figure class='gallery-item'>\n\t\t\t<div class='gallery-icon landscape'>\n\t\t\t\t<a href='https:\/\/fotokaupanliitto.fi\/press\/ajankohtaista\/tunnelmia-fotokaupan-liiton-100-vuotisjuhlista\/attachment\/9427\/'><img loading=\"lazy\" decoding=\"async\" width=\"150\" height=\"150\" src=\"https:\/\/fotokaupanliitto.fi\/press\/wp-content\/uploads\/2018\/04\/9427-150x150.jpg\" class=\"attachment-thumbnail size-thumbnail\" alt=\"\" srcset=\"https:\/\/fotokaupanliitto.fi\/press\/wp-content\/uploads\/2018\/04\/9427-150x150.jpg 150w, https:\/\/fotokaupanliitto.fi\/press\/wp-content\/uploads\/2018\/04\/9427-66x66.jpg 66w\" sizes=\"(max-width: 150px) 100vw, 150px\" \/><\/a>\n\t\t\t<\/div><\/figure><figure class='gallery-item'>\n\t\t\t<div class='gallery-icon landscape'>\n\t\t\t\t<a href='https:\/\/fotokaupanliitto.fi\/press\/ajankohtaista\/tunnelmia-fotokaupan-liiton-100-vuotisjuhlista\/attachment\/9434\/'><img loading=\"lazy\" decoding=\"async\" width=\"150\" height=\"150\" src=\"https:\/\/fotokaupanliitto.fi\/press\/wp-content\/uploads\/2018\/04\/9434-150x150.jpg\" class=\"attachment-thumbnail size-thumbnail\" alt=\"\" srcset=\"https:\/\/fotokaupanliitto.fi\/press\/wp-content\/uploads\/2018\/04\/9434-150x150.jpg 150w, https:\/\/fotokaupanliitto.fi\/press\/wp-content\/uploads\/2018\/04\/9434-66x66.jpg 66w\" sizes=\"(max-width: 150px) 100vw, 150px\" \/><\/a>\n\t\t\t<\/div><\/figure><figure class='gallery-item'>\n\t\t\t<div class='gallery-icon landscape'>\n\t\t\t\t<a href='https:\/\/fotokaupanliitto.fi\/press\/ajankohtaista\/tunnelmia-fotokaupan-liiton-100-vuotisjuhlista\/attachment\/9446\/'><img loading=\"lazy\" decoding=\"async\" width=\"150\" height=\"150\" src=\"https:\/\/fotokaupanliitto.fi\/press\/wp-content\/uploads\/2018\/04\/9446-150x150.jpg\" class=\"attachment-thumbnail size-thumbnail\" alt=\"\" srcset=\"https:\/\/fotokaupanliitto.fi\/press\/wp-content\/uploads\/2018\/04\/9446-150x150.jpg 150w, https:\/\/fotokaupanliitto.fi\/press\/wp-content\/uploads\/2018\/04\/9446-66x66.jpg 66w\" sizes=\"(max-width: 150px) 100vw, 150px\" \/><\/a>\n\t\t\t<\/div><\/figure><figure class='gallery-item'>\n\t\t\t<div class='gallery-icon landscape'>\n\t\t\t\t<a href='https:\/\/fotokaupanliitto.fi\/press\/ajankohtaista\/tunnelmia-fotokaupan-liiton-100-vuotisjuhlista\/attachment\/9559\/'><img loading=\"lazy\" decoding=\"async\" width=\"150\" height=\"150\" src=\"https:\/\/fotokaupanliitto.fi\/press\/wp-content\/uploads\/2018\/04\/9559-150x150.jpg\" class=\"attachment-thumbnail size-thumbnail\" alt=\"\" srcset=\"https:\/\/fotokaupanliitto.fi\/press\/wp-content\/uploads\/2018\/04\/9559-150x150.jpg 150w, https:\/\/fotokaupanliitto.fi\/press\/wp-content\/uploads\/2018\/04\/9559-66x66.jpg 66w\" sizes=\"(max-width: 150px) 100vw, 150px\" \/><\/a>\n\t\t\t<\/div><\/figure><figure class='gallery-item'>\n\t\t\t<div class='gallery-icon landscape'>\n\t\t\t\t<a href='https:\/\/fotokaupanliitto.fi\/press\/ajankohtaista\/tunnelmia-fotokaupan-liiton-100-vuotisjuhlista\/attachment\/9598\/'><img loading=\"lazy\" decoding=\"async\" width=\"150\" height=\"150\" src=\"https:\/\/fotokaupanliitto.fi\/press\/wp-content\/uploads\/2018\/04\/9598-150x150.jpg\" class=\"attachment-thumbnail size-thumbnail\" alt=\"\" srcset=\"https:\/\/fotokaupanliitto.fi\/press\/wp-content\/uploads\/2018\/04\/9598-150x150.jpg 150w, https:\/\/fotokaupanliitto.fi\/press\/wp-content\/uploads\/2018\/04\/9598-66x66.jpg 66w\" sizes=\"(max-width: 150px) 100vw, 150px\" \/><\/a>\n\t\t\t<\/div><\/figure><figure class='gallery-item'>\n\t\t\t<div class='gallery-icon landscape'>\n\t\t\t\t<a href='https:\/\/fotokaupanliitto.fi\/press\/ajankohtaista\/tunnelmia-fotokaupan-liiton-100-vuotisjuhlista\/attachment\/9658\/'><img loading=\"lazy\" decoding=\"async\" width=\"150\" height=\"150\" src=\"https:\/\/fotokaupanliitto.fi\/press\/wp-content\/uploads\/2018\/04\/9658-150x150.jpg\" class=\"attachment-thumbnail size-thumbnail\" alt=\"\" srcset=\"https:\/\/fotokaupanliitto.fi\/press\/wp-content\/uploads\/2018\/04\/9658-150x150.jpg 150w, https:\/\/fotokaupanliitto.fi\/press\/wp-content\/uploads\/2018\/04\/9658-66x66.jpg 66w\" sizes=\"(max-width: 150px) 100vw, 150px\" \/><\/a>\n\t\t\t<\/div><\/figure><figure class='gallery-item'>\n\t\t\t<div class='gallery-icon landscape'>\n\t\t\t\t<a href='https:\/\/fotokaupanliitto.fi\/press\/ajankohtaista\/tunnelmia-fotokaupan-liiton-100-vuotisjuhlista\/attachment\/9666\/'><img loading=\"lazy\" decoding=\"async\" width=\"150\" height=\"150\" src=\"https:\/\/fotokaupanliitto.fi\/press\/wp-content\/uploads\/2018\/04\/9666-150x150.jpg\" class=\"attachment-thumbnail size-thumbnail\" alt=\"\" srcset=\"https:\/\/fotokaupanliitto.fi\/press\/wp-content\/uploads\/2018\/04\/9666-150x150.jpg 150w, https:\/\/fotokaupanliitto.fi\/press\/wp-content\/uploads\/2018\/04\/9666-66x66.jpg 66w\" sizes=\"(max-width: 150px) 100vw, 150px\" \/><\/a>\n\t\t\t<\/div><\/figure><figure class='gallery-item'>\n\t\t\t<div class='gallery-icon landscape'>\n\t\t\t\t<a href='https:\/\/fotokaupanliitto.fi\/press\/ajankohtaista\/tunnelmia-fotokaupan-liiton-100-vuotisjuhlista\/attachment\/9700\/'><img loading=\"lazy\" decoding=\"async\" width=\"150\" height=\"150\" src=\"https:\/\/fotokaupanliitto.fi\/press\/wp-content\/uploads\/2018\/04\/9700-150x150.jpg\" class=\"attachment-thumbnail size-thumbnail\" alt=\"\" srcset=\"https:\/\/fotokaupanliitto.fi\/press\/wp-content\/uploads\/2018\/04\/9700-150x150.jpg 150w, https:\/\/fotokaupanliitto.fi\/press\/wp-content\/uploads\/2018\/04\/9700-66x66.jpg 66w\" sizes=\"(max-width: 150px) 100vw, 150px\" \/><\/a>\n\t\t\t<\/div><\/figure><figure class='gallery-item'>\n\t\t\t<div class='gallery-icon landscape'>\n\t\t\t\t<a href='https:\/\/fotokaupanliitto.fi\/press\/ajankohtaista\/tunnelmia-fotokaupan-liiton-100-vuotisjuhlista\/attachment\/9794\/'><img loading=\"lazy\" decoding=\"async\" width=\"150\" height=\"150\" src=\"https:\/\/fotokaupanliitto.fi\/press\/wp-content\/uploads\/2018\/04\/9794-150x150.jpg\" class=\"attachment-thumbnail size-thumbnail\" alt=\"\" srcset=\"https:\/\/fotokaupanliitto.fi\/press\/wp-content\/uploads\/2018\/04\/9794-150x150.jpg 150w, https:\/\/fotokaupanliitto.fi\/press\/wp-content\/uploads\/2018\/04\/9794-66x66.jpg 66w\" sizes=\"(max-width: 150px) 100vw, 150px\" \/><\/a>\n\t\t\t<\/div><\/figure><figure class='gallery-item'>\n\t\t\t<div class='gallery-icon landscape'>\n\t\t\t\t<a href='https:\/\/fotokaupanliitto.fi\/press\/ajankohtaista\/tunnelmia-fotokaupan-liiton-100-vuotisjuhlista\/attachment\/9804\/'><img loading=\"lazy\" decoding=\"async\" width=\"150\" height=\"150\" src=\"https:\/\/fotokaupanliitto.fi\/press\/wp-content\/uploads\/2018\/04\/9804-150x150.jpg\" class=\"attachment-thumbnail size-thumbnail\" alt=\"\" srcset=\"https:\/\/fotokaupanliitto.fi\/press\/wp-content\/uploads\/2018\/04\/9804-150x150.jpg 150w, https:\/\/fotokaupanliitto.fi\/press\/wp-content\/uploads\/2018\/04\/9804-66x66.jpg 66w\" sizes=\"(max-width: 150px) 100vw, 150px\" \/><\/a>\n\t\t\t<\/div><\/figure><figure class='gallery-item'>\n\t\t\t<div class='gallery-icon landscape'>\n\t\t\t\t<a href='https:\/\/fotokaupanliitto.fi\/press\/ajankohtaista\/tunnelmia-fotokaupan-liiton-100-vuotisjuhlista\/attachment\/9893\/'><img loading=\"lazy\" decoding=\"async\" width=\"150\" height=\"150\" src=\"https:\/\/fotokaupanliitto.fi\/press\/wp-content\/uploads\/2018\/04\/9893-150x150.jpg\" class=\"attachment-thumbnail size-thumbnail\" alt=\"\" srcset=\"https:\/\/fotokaupanliitto.fi\/press\/wp-content\/uploads\/2018\/04\/9893-150x150.jpg 150w, https:\/\/fotokaupanliitto.fi\/press\/wp-content\/uploads\/2018\/04\/9893-66x66.jpg 66w\" sizes=\"(max-width: 150px) 100vw, 150px\" \/><\/a>\n\t\t\t<\/div><\/figure><figure class='gallery-item'>\n\t\t\t<div class='gallery-icon landscape'>\n\t\t\t\t<a href='https:\/\/fotokaupanliitto.fi\/press\/ajankohtaista\/tunnelmia-fotokaupan-liiton-100-vuotisjuhlista\/attachment\/9899\/'><img loading=\"lazy\" decoding=\"async\" width=\"150\" height=\"150\" src=\"https:\/\/fotokaupanliitto.fi\/press\/wp-content\/uploads\/2018\/04\/9899-150x150.jpg\" class=\"attachment-thumbnail size-thumbnail\" alt=\"\" srcset=\"https:\/\/fotokaupanliitto.fi\/press\/wp-content\/uploads\/2018\/04\/9899-150x150.jpg 150w, https:\/\/fotokaupanliitto.fi\/press\/wp-content\/uploads\/2018\/04\/9899-66x66.jpg 66w\" sizes=\"(max-width: 150px) 100vw, 150px\" \/><\/a>\n\t\t\t<\/div><\/figure><figure class='gallery-item'>\n\t\t\t<div class='gallery-icon landscape'>\n\t\t\t\t<a href='https:\/\/fotokaupanliitto.fi\/press\/ajankohtaista\/tunnelmia-fotokaupan-liiton-100-vuotisjuhlista\/attachment\/9959\/'><img loading=\"lazy\" decoding=\"async\" width=\"150\" height=\"150\" src=\"https:\/\/fotokaupanliitto.fi\/press\/wp-content\/uploads\/2018\/04\/9959-150x150.jpg\" class=\"attachment-thumbnail size-thumbnail\" alt=\"\" srcset=\"https:\/\/fotokaupanliitto.fi\/press\/wp-content\/uploads\/2018\/04\/9959-150x150.jpg 150w, https:\/\/fotokaupanliitto.fi\/press\/wp-content\/uploads\/2018\/04\/9959-66x66.jpg 66w\" sizes=\"(max-width: 150px) 100vw, 150px\" \/><\/a>\n\t\t\t<\/div><\/figure><figure class='gallery-item'>\n\t\t\t<div class='gallery-icon landscape'>\n\t\t\t\t<a href='https:\/\/fotokaupanliitto.fi\/press\/ajankohtaista\/tunnelmia-fotokaupan-liiton-100-vuotisjuhlista\/attachment\/9965\/'><img loading=\"lazy\" decoding=\"async\" width=\"150\" height=\"150\" src=\"https:\/\/fotokaupanliitto.fi\/press\/wp-content\/uploads\/2018\/04\/9965-150x150.jpg\" class=\"attachment-thumbnail size-thumbnail\" alt=\"\" srcset=\"https:\/\/fotokaupanliitto.fi\/press\/wp-content\/uploads\/2018\/04\/9965-150x150.jpg 150w, https:\/\/fotokaupanliitto.fi\/press\/wp-content\/uploads\/2018\/04\/9965-66x66.jpg 66w\" sizes=\"(max-width: 150px) 100vw, 150px\" \/><\/a>\n\t\t\t<\/div><\/figure>\n\t\t<\/div>\n\n","protected":false},"excerpt":{"rendered":"<p>Suomen Fotokaupan Liiton satavuotista taivalta juhlittiin Tampereella 14.4.2018 Illan aikana Vuoden Fotokauppiaana palkittiin Vesa Kuukka Joensuun Kuvanmaailmasta ja Jukka Liukkaalle ja Tapio Rinteelle my\u00f6nnettiin yhdistyksen hopeiset ansiomerkit. L\u00e4mpim\u00e4t onnittelut! Illan&#8230;<\/p>\n","protected":false},"author":149,"featured_media":2747,"comment_status":"open","ping_status":"open","sticky":false,"template":"","format":"standard","meta":{"footnotes":""},"categories":[1],"tags":[],"_links":{"self":[{"href":"https:\/\/fotokaupanliitto.fi\/press\/wp-json\/wp\/v2\/posts\/2745"}],"collection":[{"href":"https:\/\/fotokaupanliitto.fi\/press\/wp-json\/wp\/v2\/posts"}],"about":[{"href":"https:\/\/fotokaupanliitto.fi\/press\/wp-json\/wp\/v2\/types\/post"}],"author":[{"embeddable":true,"href":"https:\/\/fotokaupanliitto.fi\/press\/wp-json\/wp\/v2\/users\/149"}],"replies":[{"embeddable":true,"href":"https:\/\/fotokaupanliitto.fi\/press\/wp-json\/wp\/v2\/comments?post=2745"}],"version-history":[{"count":4,"href":"https:\/\/fotokaupanliitto.fi\/press\/wp-json\/wp\/v2\/posts\/2745\/revisions"}],"predecessor-version":[{"id":2763,"href":"https:\/\/fotokaupanliitto.fi\/press\/wp-json\/wp\/v2\/posts\/2745\/revisions\/2763"}],"wp:featuredmedia":[{"embeddable":true,"href":"https:\/\/fotokaupanliitto.fi\/press\/wp-json\/wp\/v2\/media\/2747"}],"wp:attachment":[{"href":"https:\/\/fotokaupanliitto.fi\/press\/wp-json\/wp\/v2\/media?parent=2745"}],"wp:term":[{"taxonomy":"category","embeddable":true,"href":"https:\/\/fotokaupanliitto.fi\/press\/wp-json\/wp\/v2\/categories?post=2745"},{"taxonomy":"post_tag","embeddable":true,"href":"https:\/\/fotokaupanliitto.fi\/press\/wp-json\/wp\/v2\/tags?post=2745"}],"curies":[{"name":"wp","href":"https:\/\/api.w.org\/{rel}","templated":true}]}}