{"id":2789,"date":"2019-06-13T14:39:30","date_gmt":"2019-06-13T11:39:30","guid":{"rendered":"http:\/\/fotokaupanliitto.fi\/press\/?p=2789"},"modified":"2019-06-13T14:39:30","modified_gmt":"2019-06-13T11:39:30","slug":"uudistunut-tekijanoikeusiopas-on-ilmestynyt","status":"publish","type":"post","link":"https:\/\/fotokaupanliitto.fi\/press\/ajankohtaista\/uudistunut-tekijanoikeusiopas-on-ilmestynyt\/","title":{"rendered":"Uudistunut Tekij\u00e4noikeusiopas on ilmestynyt"},"content":{"rendered":"<p><a href=\"https:\/\/fotokaupanliitto.fi\/press\/wp-content\/uploads\/2019\/06\/Ka\u0308yta\u0308nno\u0308n-opas-valokuvaajan-tekija\u0308noikeudesta-200519-212x300-copy.jpg\"><img loading=\"lazy\" decoding=\"async\" class=\"alignleft size-full wp-image-2790\" src=\"https:\/\/fotokaupanliitto.fi\/press\/wp-content\/uploads\/2019\/06\/Ka\u0308yta\u0308nno\u0308n-opas-valokuvaajan-tekija\u0308noikeudesta-200519-212x300-copy.jpg\" alt=\"Ka\u0308yta\u0308nno\u0308n-opas-valokuvaajan-tekija\u0308noikeudesta-200519-212x300 copy\" width=\"212\" height=\"300\" \/><\/a><\/p>\n<p>Journalistiliitto ja Finnfoto ovat laatineet uuden tekij\u00e4noikeusoppaan valokuvaajille.<\/p>\n<p>K\u00e4yt\u00e4nn\u00f6nl\u00e4heisest\u00e4 oppaasta l\u00f6ytyy vastaus kaikkiin valokuvan oikeuksia koskeviin yleisimpiin ja hieman harvinaisempiinkin kysymyksiin \u2013 muun muassa valokuvaajan ja valokuvattavan henkil\u00f6n oikeuksista, valokuvan siteeraamisesta ja sitaattis\u00e4\u00e4nn\u00f6ksest\u00e4, suoja-ajasta ja tekij\u00e4noikeuden voimassaolosta sek\u00e4 mahdollisesta tekij\u00e4noikeuslain vastaisesta kuvan k\u00e4yt\u00f6st\u00e4.<\/p>\n<p>Opas on kustannettu tekij\u00e4noikeuskorvauksista, joita Yleisradio maksaa Journalistiliitolle ja Finnfotolle arkistovalokuvien k\u00e4yt\u00f6st\u00e4.<\/p>\n<p>Oppaan ovat kirjoittaneet <strong>Maria Rehbinder<\/strong> ja<strong> Mari K. Pesola<\/strong>. Sit\u00e4 p\u00e4ivitet\u00e4\u00e4n lains\u00e4\u00e4d\u00e4nn\u00f6n muuttuessa.<\/p>\n<p><a href=\"http:\/\/https:\/\/finnfoto.fi\/tekijanoikeusopas\/\">https:\/\/finnfoto.fi\/tekijanoikeusopas\/<\/a><\/p>\n<p>&nbsp;<\/p>\n","protected":false},"excerpt":{"rendered":"<p>Journalistiliitto ja Finnfoto ovat laatineet uuden tekij\u00e4noikeusoppaan valokuvaajille. K\u00e4yt\u00e4nn\u00f6nl\u00e4heisest\u00e4 oppaasta l\u00f6ytyy vastaus kaikkiin valokuvan oikeuksia koskeviin yleisimpiin ja hieman harvinaisempiinkin kysymyksiin \u2013 muun muassa valokuvaajan ja valokuvattavan henkil\u00f6n oikeuksista, valokuvan&#8230;<\/p>\n","protected":false},"author":149,"featured_media":0,"comment_status":"open","ping_status":"open","sticky":false,"template":"","format":"standard","meta":{"footnotes":""},"categories":[1],"tags":[],"_links":{"self":[{"href":"https:\/\/fotokaupanliitto.fi\/press\/wp-json\/wp\/v2\/posts\/2789"}],"collection":[{"href":"https:\/\/fotokaupanliitto.fi\/press\/wp-json\/wp\/v2\/posts"}],"about":[{"href":"https:\/\/fotokaupanliitto.fi\/press\/wp-json\/wp\/v2\/types\/post"}],"author":[{"embeddable":true,"href":"https:\/\/fotokaupanliitto.fi\/press\/wp-json\/wp\/v2\/users\/149"}],"replies":[{"embeddable":true,"href":"https:\/\/fotokaupanliitto.fi\/press\/wp-json\/wp\/v2\/comments?post=2789"}],"version-history":[{"count":1,"href":"https:\/\/fotokaupanliitto.fi\/press\/wp-json\/wp\/v2\/posts\/2789\/revisions"}],"predecessor-version":[{"id":2791,"href":"https:\/\/fotokaupanliitto.fi\/press\/wp-json\/wp\/v2\/posts\/2789\/revisions\/2791"}],"wp:attachment":[{"href":"https:\/\/fotokaupanliitto.fi\/press\/wp-json\/wp\/v2\/media?parent=2789"}],"wp:term":[{"taxonomy":"category","embeddable":true,"href":"https:\/\/fotokaupanliitto.fi\/press\/wp-json\/wp\/v2\/categories?post=2789"},{"taxonomy":"post_tag","embeddable":true,"href":"https:\/\/fotokaupanliitto.fi\/press\/wp-json\/wp\/v2\/tags?post=2789"}],"curies":[{"name":"wp","href":"https:\/\/api.w.org\/{rel}","templated":true}]}}